{"id":239,"date":"2015-02-12T14:56:35","date_gmt":"2015-02-12T14:56:35","guid":{"rendered":"http:\/\/perelloncs.com\/?p=239"},"modified":"2015-02-12T14:56:56","modified_gmt":"2015-02-12T14:56:56","slug":"explosio-quimica-a-igualada","status":"publish","type":"post","link":"http:\/\/perelloncs.com\/es\/explosio-quimica-a-igualada\/","title":{"rendered":"Explosi\u00f3n qu\u00edmica en Igualada"},"content":{"rendered":"<p><\/p>\n<p style=\"text-align: center;\"><a href=\"http:\/\/perelloncs.com\/wp-content\/uploads\/2015\/02\/Explosi\u00f3-i-incendi-a-Igualada-1.jpg\"><img decoding=\"async\" loading=\"lazy\" class=\"aligncenter  wp-image-241\" alt=\"Explosi\u00f3 i incendi a Igualada -1\" src=\"http:\/\/perelloncs.com\/wp-content\/uploads\/2015\/02\/Explosi\u00f3-i-incendi-a-Igualada-1.jpg\" width=\"480\" height=\"373\" srcset=\"http:\/\/perelloncs.com\/wp-content\/uploads\/2015\/02\/Explosi\u00f3-i-incendi-a-Igualada-1.jpg 600w, http:\/\/perelloncs.com\/wp-content\/uploads\/2015\/02\/Explosi\u00f3-i-incendi-a-Igualada-1-300x233.jpg 300w\" sizes=\"(max-width: 480px) 100vw, 480px\" \/><\/a><\/p>\n<p style=\"text-align: center;\">Not\u00edcia de la web de <a href=\"http:\/\/web.gencat.cat\/ca\/actualitat\/detall\/Emergencia-del-PLASEQCAT-per-una-explosio-i-incendi-a-Igualada\" target=\"_blank\">gencat<\/a>:<\/p>\n<div>\n<p>Protecci\u00f3 Civil de la Generalitat informa que, segons les darreres valoracions fetes pels Bombers de la Generalitat i Qualitat Ambiental, es pot aixecar el confinament per la poblaci\u00f3 en general excepte als nens, persones embarassades, gent gran i persones amb malalties i problemes respiratoris.\u00a0Aquest confinament es mant\u00e9 als cinc municipis afectats: Igualada, \u00d2dena, Santa Margarida de Montbui, Vilanova del Cam\u00ed i Jorba. Els col\u00b7lectius vulnerables citats anteriorment han de seguir confinats dins un edifici i no sortir al carrer.<\/p>\n<p>El n\u00favol seria irritant i hauria estat causat per una barreja entre tres productes qu\u00edmics.<\/p>\n<\/div>\n<div>Es mant\u00e9 el pla d&#8217;emerg\u00e8ncies PLASEQCAT en alerta.<\/div>\n<p><\/p>","protected":false},"excerpt":{"rendered":"<p>Not\u00edcia de la web de gencat: Protecci\u00f3 Civil de la Generalitat informa que, segons les darreres valoracions fetes pels Bombers de la Generalitat i Qualitat Ambiental, es pot aixecar el confinament per la poblaci\u00f3 en general excepte als nens, persones embarassades, gent gran i persones amb malalties i problemes respiratoris.\u00a0Aquest confinament es mant\u00e9 als cinc [&hellip;]<\/p>\n","protected":false},"author":1,"featured_media":0,"comment_status":"open","ping_status":"open","sticky":false,"template":"","format":"standard","meta":[],"categories":[1],"tags":[],"_links":{"self":[{"href":"http:\/\/perelloncs.com\/es\/wp-json\/wp\/v2\/posts\/239"}],"collection":[{"href":"http:\/\/perelloncs.com\/es\/wp-json\/wp\/v2\/posts"}],"about":[{"href":"http:\/\/perelloncs.com\/es\/wp-json\/wp\/v2\/types\/post"}],"author":[{"embeddable":true,"href":"http:\/\/perelloncs.com\/es\/wp-json\/wp\/v2\/users\/1"}],"replies":[{"embeddable":true,"href":"http:\/\/perelloncs.com\/es\/wp-json\/wp\/v2\/comments?post=239"}],"version-history":[{"count":2,"href":"http:\/\/perelloncs.com\/es\/wp-json\/wp\/v2\/posts\/239\/revisions"}],"predecessor-version":[{"id":243,"href":"http:\/\/perelloncs.com\/es\/wp-json\/wp\/v2\/posts\/239\/revisions\/243"}],"wp:attachment":[{"href":"http:\/\/perelloncs.com\/es\/wp-json\/wp\/v2\/media?parent=239"}],"wp:term":[{"taxonomy":"category","embeddable":true,"href":"http:\/\/perelloncs.com\/es\/wp-json\/wp\/v2\/categories?post=239"},{"taxonomy":"post_tag","embeddable":true,"href":"http:\/\/perelloncs.com\/es\/wp-json\/wp\/v2\/tags?post=239"}],"curies":[{"name":"wp","href":"https:\/\/api.w.org\/{rel}","templated":true}]}}