{"id":307,"date":"2015-05-26T10:44:25","date_gmt":"2015-05-26T10:44:25","guid":{"rendered":"http:\/\/perelloncs.com\/?p=307"},"modified":"2015-05-26T10:44:25","modified_gmt":"2015-05-26T10:44:25","slug":"4t-dinar-solidari-contra-lalzheimer","status":"publish","type":"post","link":"http:\/\/perelloncs.com\/es\/4t-dinar-solidari-contra-lalzheimer\/","title":{"rendered":"4t Dinar Solidari contra l&#8217;Alzheimer"},"content":{"rendered":"<p><img decoding=\"async\" loading=\"lazy\" class=\"aligncenter size-full wp-image-308\" src=\"http:\/\/perelloncs.com\/wp-content\/uploads\/2015\/05\/image1.jpg\" alt=\"image1\" width=\"600\" height=\"504\" srcset=\"http:\/\/perelloncs.com\/wp-content\/uploads\/2015\/05\/image1.jpg 600w, http:\/\/perelloncs.com\/wp-content\/uploads\/2015\/05\/image1-300x252.jpg 300w\" sizes=\"(max-width: 600px) 100vw, 600px\" \/><\/p>\n<p class=\"p1\">Ens complau molt haver assistit enguany al <strong><span style=\"color: #008080;\">4t Dinar Solidari contra l&#8217;Alzheimer<\/span><\/strong>, ha estat una gran experi\u00e8ncia per a nosaltres.<\/p>\n<p class=\"p1\">Hem gaudit d&#8217;un gran ambient familiar amb molts companys del port, a qui hem d&#8217;agra\u00efr aquest gran dia.<\/p>\n<p class=\"p1\">Aprofitem tamb\u00e9 per donar l&#8217;enhorabona a Jos\u00e9 Mar\u00eda P\u00e9rez, a Contraport i a tots els col\u00b7laboradors de l&#8217;esdeveniment, que ens ha sorpr\u00e8s gratament i esperem que l&#8217;any vinent es repeteixi i poguem col\u00b7laborar en l&#8217;organitzaci\u00f3 d&#8217;aquest acte solidari que tant coincideix amb la filosofia de PERELLONCS.<\/p>\n<p class=\"p1\">Una abra\u00e7ada a tots.<\/p>\n<p class=\"p1\"><img decoding=\"async\" loading=\"lazy\" class=\"aligncenter size-medium wp-image-310\" src=\"http:\/\/perelloncs.com\/wp-content\/uploads\/2015\/05\/image3-180x300.jpg\" alt=\"image3\" width=\"180\" height=\"300\" srcset=\"http:\/\/perelloncs.com\/wp-content\/uploads\/2015\/05\/image3-180x300.jpg 180w, http:\/\/perelloncs.com\/wp-content\/uploads\/2015\/05\/image3.jpg 576w\" sizes=\"(max-width: 180px) 100vw, 180px\" \/> <img decoding=\"async\" loading=\"lazy\" class=\"aligncenter size-medium wp-image-311\" src=\"http:\/\/perelloncs.com\/wp-content\/uploads\/2015\/05\/image2-300x180.jpg\" alt=\"image2\" width=\"300\" height=\"180\" srcset=\"http:\/\/perelloncs.com\/wp-content\/uploads\/2015\/05\/image2-300x180.jpg 300w, http:\/\/perelloncs.com\/wp-content\/uploads\/2015\/05\/image2.jpg 960w\" sizes=\"(max-width: 300px) 100vw, 300px\" \/> <img decoding=\"async\" loading=\"lazy\" class=\"aligncenter size-medium wp-image-312\" src=\"http:\/\/perelloncs.com\/wp-content\/uploads\/2015\/05\/image11-300x180.jpg\" alt=\"image1[1]\" width=\"300\" height=\"180\" srcset=\"http:\/\/perelloncs.com\/wp-content\/uploads\/2015\/05\/image11-300x180.jpg 300w, http:\/\/perelloncs.com\/wp-content\/uploads\/2015\/05\/image11.jpg 960w\" sizes=\"(max-width: 300px) 100vw, 300px\" \/><\/p>\n","protected":false},"excerpt":{"rendered":"<p>Ens complau molt haver assistit enguany al 4t Dinar Solidari contra l&#8217;Alzheimer, ha estat una gran experi\u00e8ncia per a nosaltres. Hem gaudit d&#8217;un gran ambient familiar amb molts companys del port, a qui hem d&#8217;agra\u00efr aquest gran dia. Aprofitem tamb\u00e9 per donar l&#8217;enhorabona a Jos\u00e9 Mar\u00eda P\u00e9rez, a Contraport i a tots els col\u00b7laboradors de [&hellip;]<\/p>\n","protected":false},"author":1,"featured_media":0,"comment_status":"open","ping_status":"open","sticky":false,"template":"","format":"standard","meta":[],"categories":[1],"tags":[],"_links":{"self":[{"href":"http:\/\/perelloncs.com\/es\/wp-json\/wp\/v2\/posts\/307"}],"collection":[{"href":"http:\/\/perelloncs.com\/es\/wp-json\/wp\/v2\/posts"}],"about":[{"href":"http:\/\/perelloncs.com\/es\/wp-json\/wp\/v2\/types\/post"}],"author":[{"embeddable":true,"href":"http:\/\/perelloncs.com\/es\/wp-json\/wp\/v2\/users\/1"}],"replies":[{"embeddable":true,"href":"http:\/\/perelloncs.com\/es\/wp-json\/wp\/v2\/comments?post=307"}],"version-history":[{"count":1,"href":"http:\/\/perelloncs.com\/es\/wp-json\/wp\/v2\/posts\/307\/revisions"}],"predecessor-version":[{"id":313,"href":"http:\/\/perelloncs.com\/es\/wp-json\/wp\/v2\/posts\/307\/revisions\/313"}],"wp:attachment":[{"href":"http:\/\/perelloncs.com\/es\/wp-json\/wp\/v2\/media?parent=307"}],"wp:term":[{"taxonomy":"category","embeddable":true,"href":"http:\/\/perelloncs.com\/es\/wp-json\/wp\/v2\/categories?post=307"},{"taxonomy":"post_tag","embeddable":true,"href":"http:\/\/perelloncs.com\/es\/wp-json\/wp\/v2\/tags?post=307"}],"curies":[{"name":"wp","href":"https:\/\/api.w.org\/{rel}","templated":true}]}}