{"id":400,"date":"2015-11-09T16:58:21","date_gmt":"2015-11-09T16:58:21","guid":{"rendered":"http:\/\/perelloncs.com\/?p=400"},"modified":"2015-11-09T16:58:21","modified_gmt":"2015-11-09T16:58:21","slug":"que-fer-en-cas-daccident-amb-mercaderies-perilloses","status":"publish","type":"post","link":"http:\/\/perelloncs.com\/es\/que-fer-en-cas-daccident-amb-mercaderies-perilloses\/","title":{"rendered":"Qu\u00e8 fer en cas d&#8217;accident amb mercaderies perilloses"},"content":{"rendered":"<p>Font: <a href=\"http:\/\/interior.gencat.cat\/ca\/arees_dactuacio\/proteccio_civil\/consells_autoproteccio_emergencia\/riscos_tecnologics\/transport_de_mercaderies_perilloses\/#\" target=\"_blank\">Gencat, Departament d&#8217;Interior<\/a><\/p>\n<p><img decoding=\"async\" loading=\"lazy\" class=\"alignnone\" src=\"http:\/\/interior.gencat.cat\/web\/sites\/interior\/.content\/home\/030_arees_dactuacio\/proteccio_civil\/consells_autoproteccio_emergencies\/transport_de_mercaderies_perilloses\/mmpp_imatge.png_1940976529.png\" alt=\"\" width=\"550\" height=\"750\" \/><\/p>\n<div>\n<div>\n<div class=\"row\">\n<div class=\"basic_text_peq col-xs-12\">\n<div class=\"pd-15x\">\n<p>Els vehicles de transport de mercaderies perilloses es poden recon\u00e8ixer per una placa taronja amb un n\u00famero que identifica la subst\u00e0ncia que transporta.<\/p>\n<p>Es pot donar el cas d\u2019un cami\u00f3 caixa que porti placa taronja\u00a0sense n\u00famero: aix\u00f2 vol dir que transporta mat\u00e8ries perilloses diferents\u00a0en la mateixa c\u00e0rrega.<\/p>\n<p>En\u00a0circular cal augmentar la dist\u00e0ncia de seguretat amb els vehicles de transport de mercaderies perilloses.<\/p>\n<\/div>\n<\/div>\n<\/div>\n<\/div>\n<\/div>\n<div>\n<div>\n<div class=\"row\">\n<h2 class=\"basic_title col-sm-12 pd-10\">En cas d&#8217;accident<\/h2>\n<div class=\"col-xs-12\">\n<div class=\"cos_bloc basic_text_peq pd-15\">\n<ul>\n<li>Si trobeu un vehicle de mercaderies perilloses accidentat, truqueu de seguida al <a href=\"http:\/\/112.gencat.cat\/ca\/index.html\" target=\"_self\">112<\/a> indiqueu-los\u00a0el lloc de l\u2019accident i que\u00a0el vehicle\u00a0porta una placa taronja. Si \u00e9s\u00a0possible, digueu-los tamb\u00e9 n\u00famero que apareix a la placa taronja, si en t\u00e9.<\/li>\n<li>En el\u00a0cas que detecteu una fuita del producte del cami\u00f3 o\u00a0de la c\u00e0rrega o un\u00a0incendi, per a\u00a0la vostra seguretat allunyeu-vos immediatament del lloc en sentit contrari a la direcci\u00f3 del vent.<\/li>\n<li>Procureu no deixar el vostre vehicle en un lloc\u00a0on interrompi el tr\u00e0nsit o dificulti l\u2019actuaci\u00f3 dels serveis d\u2019emerg\u00e8ncia, i senyalitzeu-lo adequadament. Seguiu sempre les instruccions dels serveis d&#8217;emerg\u00e8ncia.<\/li>\n<\/ul>\n<\/div>\n<\/div>\n<\/div>\n<\/div>\n<\/div>\n<div>\n<div>\n<div class=\"row\">\n<h2 class=\"basic_title col-sm-12 pd-10\">Mesures d&#8217;autoprotecci\u00f3<\/h2>\n<div class=\"col-sm-8\">\n<div class=\"cos_bloc basic_text_peq pd-15\">\n<ul>\n<li>Cal seguir sempre les instruccions dels equips d\u2019intervenci\u00f3 en l\u2019accident.<\/li>\n<li>Tanqueu-vos a l\u2019edifici m\u00e9s proper: el cotxe no \u00e9s un lloc segur per refugiar-s&#8217;hi.<\/li>\n<li>Si sou a casa, tanqueu portes i finestres i atureu els aparells de climatitzaci\u00f3.<\/li>\n<li>Seguiu les recomanacions d\u2019autoprotecci\u00f3 i l\u2019evoluci\u00f3 de l\u2019emerg\u00e8ncia\u00a0per la r\u00e0dio (emissores locals, Catalunya R\u00e0dio, Catalunya Informaci\u00f3, COM R\u00e0dio i R\u00e0dio Nacional d\u2019Espanya).<\/li>\n<li>No sortiu de casa o de l\u2019edifici en qu\u00e8 estigueu\u00a0confinats fins que les autoritats no ho autoritzin\u00a0per r\u00e0dio.<\/li>\n<\/ul>\n<\/div>\n<\/div>\n<\/div>\n<\/div>\n<\/div>\n","protected":false},"excerpt":{"rendered":"<p>Font: Gencat, Departament d&#8217;Interior Els vehicles de transport de mercaderies perilloses es poden recon\u00e8ixer per una placa taronja amb un n\u00famero que identifica la subst\u00e0ncia que transporta. Es pot donar el cas d\u2019un cami\u00f3 caixa que porti placa taronja\u00a0sense n\u00famero: aix\u00f2 vol dir que transporta mat\u00e8ries perilloses diferents\u00a0en la mateixa c\u00e0rrega. En\u00a0circular cal augmentar la [&hellip;]<\/p>\n","protected":false},"author":1,"featured_media":0,"comment_status":"open","ping_status":"open","sticky":false,"template":"","format":"standard","meta":[],"categories":[3],"tags":[],"_links":{"self":[{"href":"http:\/\/perelloncs.com\/es\/wp-json\/wp\/v2\/posts\/400"}],"collection":[{"href":"http:\/\/perelloncs.com\/es\/wp-json\/wp\/v2\/posts"}],"about":[{"href":"http:\/\/perelloncs.com\/es\/wp-json\/wp\/v2\/types\/post"}],"author":[{"embeddable":true,"href":"http:\/\/perelloncs.com\/es\/wp-json\/wp\/v2\/users\/1"}],"replies":[{"embeddable":true,"href":"http:\/\/perelloncs.com\/es\/wp-json\/wp\/v2\/comments?post=400"}],"version-history":[{"count":1,"href":"http:\/\/perelloncs.com\/es\/wp-json\/wp\/v2\/posts\/400\/revisions"}],"predecessor-version":[{"id":401,"href":"http:\/\/perelloncs.com\/es\/wp-json\/wp\/v2\/posts\/400\/revisions\/401"}],"wp:attachment":[{"href":"http:\/\/perelloncs.com\/es\/wp-json\/wp\/v2\/media?parent=400"}],"wp:term":[{"taxonomy":"category","embeddable":true,"href":"http:\/\/perelloncs.com\/es\/wp-json\/wp\/v2\/categories?post=400"},{"taxonomy":"post_tag","embeddable":true,"href":"http:\/\/perelloncs.com\/es\/wp-json\/wp\/v2\/tags?post=400"}],"curies":[{"name":"wp","href":"https:\/\/api.w.org\/{rel}","templated":true}]}}